{"id":25226,"date":"2014-08-07T12:00:43","date_gmt":"2014-08-07T10:00:43","guid":{"rendered":"https:\/\/gelateriadiberna.ch\/presse\/2014\/08\/der-bund-die-gelati-ideologen-mischen-den-breitenrain-auf\/"},"modified":"2014-08-07T12:00:43","modified_gmt":"2014-08-07T10:00:43","slug":"der-bund-die-gelati-ideologen-mischen-den-breitenrain-auf","status":"publish","type":"post","link":"https:\/\/gelateriadiberna.ch\/en\/presse\/2014\/08\/der-bund-die-gelati-ideologen-mischen-den-breitenrain-auf\/","title":{"rendered":"Der Bund: Die Gelati-Ideologen mischen den Breitenrain auf"},"content":{"rendered":"\n<p>Heute geht im Breitenrain die dritte Gelateria di Berna auf. Was  Schleckm\u00e4uler freut, \u00e4rgert die alteingesessene Konkurrenz. Reich werden  die Amrein-Br\u00fcder mit ihren Glacen aber nicht. <\/p>\n\n\n\n<div class=\"wp-block-button\"><a class=\"wp-block-button__link\" href=\"http:\/\/www.derbund.ch\/bern\/stadt\/Ploetzlich-ist-das-Plaetzli-ein-beliebter-Treffpunkt\/story\/22272710\" target=\"_blank\">Zum Artikel<br><\/a><\/div>\n","protected":false},"excerpt":{"rendered":"<p>Heute geht im Breitenrain die dritte Gelateria di Berna auf. Was Schleckm\u00e4uler freut, \u00e4rgert die alteingesessene Konkurrenz. Reich werden die Amrein-Br\u00fcder mit ihren Glacen aber nicht.<\/p>\n","protected":false},"author":4,"featured_media":0,"comment_status":"closed","ping_status":"closed","sticky":false,"template":"","format":"standard","meta":{"_acf_changed":false,"footnotes":""},"categories":[133],"tags":[],"class_list":["post-25226","post","type-post","status-publish","format-standard","hentry","category-uncategorized"],"acf":[],"_links":{"self":[{"href":"https:\/\/gelateriadiberna.ch\/en\/wp-json\/wp\/v2\/posts\/25226","targetHints":{"allow":["GET"]}}],"collection":[{"href":"https:\/\/gelateriadiberna.ch\/en\/wp-json\/wp\/v2\/posts"}],"about":[{"href":"https:\/\/gelateriadiberna.ch\/en\/wp-json\/wp\/v2\/types\/post"}],"author":[{"embeddable":true,"href":"https:\/\/gelateriadiberna.ch\/en\/wp-json\/wp\/v2\/users\/4"}],"replies":[{"embeddable":true,"href":"https:\/\/gelateriadiberna.ch\/en\/wp-json\/wp\/v2\/comments?post=25226"}],"version-history":[{"count":0,"href":"https:\/\/gelateriadiberna.ch\/en\/wp-json\/wp\/v2\/posts\/25226\/revisions"}],"wp:attachment":[{"href":"https:\/\/gelateriadiberna.ch\/en\/wp-json\/wp\/v2\/media?parent=25226"}],"wp:term":[{"taxonomy":"category","embeddable":true,"href":"https:\/\/gelateriadiberna.ch\/en\/wp-json\/wp\/v2\/categories?post=25226"},{"taxonomy":"post_tag","embeddable":true,"href":"https:\/\/gelateriadiberna.ch\/en\/wp-json\/wp\/v2\/tags?post=25226"}],"curies":[{"name":"wp","href":"https:\/\/api.w.org\/{rel}","templated":true}]}}