{"id":25224,"date":"2015-03-27T12:00:35","date_gmt":"2015-03-27T11:00:35","guid":{"rendered":"https:\/\/gelateriadiberna.ch\/presse\/2015\/03\/berner-zeitung-randen-wasabi-sorbet-zur-saisoneroeffnung\/"},"modified":"2015-03-27T12:00:35","modified_gmt":"2015-03-27T11:00:35","slug":"berner-zeitung-randen-wasabi-sorbet-zur-saisoneroeffnung","status":"publish","type":"post","link":"https:\/\/gelateriadiberna.ch\/en\/presse\/2015\/03\/berner-zeitung-randen-wasabi-sorbet-zur-saisoneroeffnung\/","title":{"rendered":"Berner Zeitung: Randen-Wasabi-Sorbet zur Saisoner\u00f6ffnung"},"content":{"rendered":"\n<p>Die  Gelateria di Berna erwacht aus dem Winterschlaf: Mit ihrer j\u00fcngsten,  bekannt gewagten Kreation und einem neuen Garten l\u00e4uten die  Glaceverk\u00e4ufer den Fr\u00fchling ein.<\/p>\n\n\n\n<div class=\"wp-block-button\"><a class=\"wp-block-button__link\" href=\"http:\/\/www.bernerzeitung.ch\/region\/bern\/Gelateria-di-Berna-RandenWasabiSorbet-zur-Saisoneroeffnung\/story\/21380789\" target=\"_blank\">Zum Artikel<br><\/a><\/div>\n","protected":false},"excerpt":{"rendered":"<p>Die Gelateria di Berna erwacht aus dem Winterschlaf: Mit ihrer j\u00fcngsten, bekannt gewagten Kreation und einem neuen Garten l\u00e4uten die Glaceverk\u00e4ufer den Fr\u00fchling ein.<\/p>\n","protected":false},"author":4,"featured_media":0,"comment_status":"closed","ping_status":"closed","sticky":false,"template":"","format":"standard","meta":{"_acf_changed":false,"footnotes":""},"categories":[133],"tags":[],"class_list":["post-25224","post","type-post","status-publish","format-standard","hentry","category-uncategorized"],"acf":[],"_links":{"self":[{"href":"https:\/\/gelateriadiberna.ch\/en\/wp-json\/wp\/v2\/posts\/25224","targetHints":{"allow":["GET"]}}],"collection":[{"href":"https:\/\/gelateriadiberna.ch\/en\/wp-json\/wp\/v2\/posts"}],"about":[{"href":"https:\/\/gelateriadiberna.ch\/en\/wp-json\/wp\/v2\/types\/post"}],"author":[{"embeddable":true,"href":"https:\/\/gelateriadiberna.ch\/en\/wp-json\/wp\/v2\/users\/4"}],"replies":[{"embeddable":true,"href":"https:\/\/gelateriadiberna.ch\/en\/wp-json\/wp\/v2\/comments?post=25224"}],"version-history":[{"count":0,"href":"https:\/\/gelateriadiberna.ch\/en\/wp-json\/wp\/v2\/posts\/25224\/revisions"}],"wp:attachment":[{"href":"https:\/\/gelateriadiberna.ch\/en\/wp-json\/wp\/v2\/media?parent=25224"}],"wp:term":[{"taxonomy":"category","embeddable":true,"href":"https:\/\/gelateriadiberna.ch\/en\/wp-json\/wp\/v2\/categories?post=25224"},{"taxonomy":"post_tag","embeddable":true,"href":"https:\/\/gelateriadiberna.ch\/en\/wp-json\/wp\/v2\/tags?post=25224"}],"curies":[{"name":"wp","href":"https:\/\/api.w.org\/{rel}","templated":true}]}}