{"id":25140,"date":"2021-06-02T15:00:48","date_gmt":"2021-06-02T13:00:48","guid":{"rendered":"https:\/\/gelateriadiberna.ch\/presse\/2021\/06\/gelati-aus-der-garage-2-3\/"},"modified":"2021-06-02T15:00:48","modified_gmt":"2021-06-02T13:00:48","slug":"gelati-aus-der-garage-2-3","status":"publish","type":"post","link":"https:\/\/gelateriadiberna.ch\/en\/presse\/2021\/06\/gelati-aus-der-garage-2-3\/","title":{"rendered":"BZ Podcast: \u00abWir sind Gelati-Freaks\u00bb"},"content":{"rendered":"\n<p>Randen-Wasabi, Apfel-Petersilie,  Himbeer-Ingwer, Erdbeer-Aceto-Balsamico \u2013 die Gelateria di Berna ist  bekannt f\u00fcr ihre ausgefallenen Variationen und Gusti. Angefangen hat  alles in einer Garage hinter der Caff\u00e8-Bar Sattler im Berner  L\u00e4nggasse-Quartier. <\/p>\n\n\n\n<div class=\"wp-block-button\"><a class=\"wp-block-button__link\" href=\"https:\/\/www.bernerzeitung.ch\/die-gelateria-freaks-184547374896\" target=\"_blank\">Zum Artikel<br><\/a><\/div>\n","protected":false},"excerpt":{"rendered":"<p>Randen-Wasabi, Apfel-Petersilie, Himbeer-Ingwer, Erdbeer-Aceto-Balsamico \u2013 die Gelateria di Berna ist bekannt f\u00fcr ihre ausgefallenen Variationen und Gusti. Angefangen hat alles in einer Garage hinter der Caff\u00e8-Bar Sattler im Berner L\u00e4nggasse-Quartier.<\/p>\n","protected":false},"author":3,"featured_media":0,"comment_status":"closed","ping_status":"closed","sticky":false,"template":"","format":"standard","meta":{"_acf_changed":false,"footnotes":""},"categories":[133],"tags":[],"class_list":["post-25140","post","type-post","status-publish","format-standard","hentry","category-uncategorized"],"acf":[],"_links":{"self":[{"href":"https:\/\/gelateriadiberna.ch\/en\/wp-json\/wp\/v2\/posts\/25140","targetHints":{"allow":["GET"]}}],"collection":[{"href":"https:\/\/gelateriadiberna.ch\/en\/wp-json\/wp\/v2\/posts"}],"about":[{"href":"https:\/\/gelateriadiberna.ch\/en\/wp-json\/wp\/v2\/types\/post"}],"author":[{"embeddable":true,"href":"https:\/\/gelateriadiberna.ch\/en\/wp-json\/wp\/v2\/users\/3"}],"replies":[{"embeddable":true,"href":"https:\/\/gelateriadiberna.ch\/en\/wp-json\/wp\/v2\/comments?post=25140"}],"version-history":[{"count":0,"href":"https:\/\/gelateriadiberna.ch\/en\/wp-json\/wp\/v2\/posts\/25140\/revisions"}],"wp:attachment":[{"href":"https:\/\/gelateriadiberna.ch\/en\/wp-json\/wp\/v2\/media?parent=25140"}],"wp:term":[{"taxonomy":"category","embeddable":true,"href":"https:\/\/gelateriadiberna.ch\/en\/wp-json\/wp\/v2\/categories?post=25140"},{"taxonomy":"post_tag","embeddable":true,"href":"https:\/\/gelateriadiberna.ch\/en\/wp-json\/wp\/v2\/tags?post=25140"}],"curies":[{"name":"wp","href":"https:\/\/api.w.org\/{rel}","templated":true}]}}